{"id":4740,"date":"2026-04-09T13:04:52","date_gmt":"2026-04-09T18:04:52","guid":{"rendered":"https:\/\/proaudio.ec\/?p=4740"},"modified":"2026-04-28T10:01:37","modified_gmt":"2026-04-28T15:01:37","slug":"perdida-auditiva-y-sus-mitos","status":"publish","type":"post","link":"https:\/\/proaudio.ec\/index.php\/2026\/04\/09\/perdida-auditiva-y-sus-mitos\/","title":{"rendered":"P\u00e9rdida auditiva y sus mitos: 7 creencias falsas que debes conocer"},"content":{"rendered":"\t\t<div data-elementor-type=\"wp-post\" data-elementor-id=\"4740\" class=\"elementor elementor-4740\" data-elementor-post-type=\"post\">\n\t\t\t\t<div class=\"elementor-element elementor-element-931f84d e-flex e-con-boxed e-con e-parent\" data-id=\"931f84d\" data-element_type=\"container\" data-e-type=\"container\" data-settings=\"{&quot;background_background&quot;:&quot;classic&quot;}\">\n\t\t\t\t\t<div class=\"e-con-inner\">\n\t\t\t\t<div class=\"elementor-element elementor-element-d84a2b4 elementor-widget elementor-widget-spacer\" data-id=\"d84a2b4\" data-element_type=\"widget\" data-e-type=\"widget\" data-widget_type=\"spacer.default\">\n\t\t\t\t<div class=\"elementor-widget-container\">\n\t\t\t\t\t\t\t<div class=\"elementor-spacer\">\n\t\t\t<div class=\"elementor-spacer-inner\"><\/div>\n\t\t<\/div>\n\t\t\t\t\t\t<\/div>\n\t\t\t\t<\/div>\n\t\t\t\t<div class=\"elementor-element elementor-element-c1914a4 elementor-widget elementor-widget-theme-post-title elementor-page-title elementor-widget-heading\" data-id=\"c1914a4\" data-element_type=\"widget\" data-e-type=\"widget\" data-widget_type=\"theme-post-title.default\">\n\t\t\t\t<div class=\"elementor-widget-container\">\n\t\t\t\t\t<h1 class=\"elementor-heading-title elementor-size-default\">P\u00e9rdida auditiva y sus mitos: 7 creencias falsas que debes conocer<\/h1>\t\t\t\t<\/div>\n\t\t\t\t<\/div>\n\t\t\t\t\t<\/div>\n\t\t\t\t<\/div>\n\t\t<div class=\"elementor-element elementor-element-87b53b5 e-flex e-con-boxed e-con e-parent\" data-id=\"87b53b5\" data-element_type=\"container\" data-e-type=\"container\">\n\t\t\t\t\t<div class=\"e-con-inner\">\n\t\t<div class=\"elementor-element elementor-element-22855d6 e-con-full e-flex e-con e-child\" data-id=\"22855d6\" data-element_type=\"container\" data-e-type=\"container\">\n\t\t\t\t<\/div>\n\t\t<div class=\"elementor-element elementor-element-180aeef e-con-full e-flex e-con e-child\" data-id=\"180aeef\" data-element_type=\"container\" data-e-type=\"container\">\n\t\t\t\t<div class=\"elementor-element elementor-element-72ef9bd elementor-widget elementor-widget-spacer\" data-id=\"72ef9bd\" data-element_type=\"widget\" data-e-type=\"widget\" data-widget_type=\"spacer.default\">\n\t\t\t\t<div class=\"elementor-widget-container\">\n\t\t\t\t\t\t\t<div class=\"elementor-spacer\">\n\t\t\t<div class=\"elementor-spacer-inner\"><\/div>\n\t\t<\/div>\n\t\t\t\t\t\t<\/div>\n\t\t\t\t<\/div>\n\t\t\t\t<div class=\"elementor-element elementor-element-1972092 elementor-widget elementor-widget-post-info\" data-id=\"1972092\" data-element_type=\"widget\" data-e-type=\"widget\" data-widget_type=\"post-info.default\">\n\t\t\t\t<div class=\"elementor-widget-container\">\n\t\t\t\t\t\t\t<ul class=\"elementor-inline-items elementor-icon-list-items elementor-post-info\">\n\t\t\t\t\t\t\t\t<li class=\"elementor-icon-list-item elementor-repeater-item-dc183f2 elementor-inline-item\" itemprop=\"datePublished\">\n\t\t\t\t\t\t<a href=\"https:\/\/proaudio.ec\/index.php\/2026\/04\/09\/\">\n\t\t\t\t\t\t\t\t\t\t\t<span class=\"elementor-icon-list-icon\">\n\t\t\t\t\t\t\t\t<svg aria-hidden=\"true\" class=\"e-font-icon-svg e-fas-calendar\" viewBox=\"0 0 448 512\" xmlns=\"http:\/\/www.w3.org\/2000\/svg\"><path d=\"M12 192h424c6.6 0 12 5.4 12 12v260c0 26.5-21.5 48-48 48H48c-26.5 0-48-21.5-48-48V204c0-6.6 5.4-12 12-12zm436-44v-36c0-26.5-21.5-48-48-48h-48V12c0-6.6-5.4-12-12-12h-40c-6.6 0-12 5.4-12 12v52H160V12c0-6.6-5.4-12-12-12h-40c-6.6 0-12 5.4-12 12v52H48C21.5 64 0 85.5 0 112v36c0 6.6 5.4 12 12 12h424c6.6 0 12-5.4 12-12z\"><\/path><\/svg>\t\t\t\t\t\t\t<\/span>\n\t\t\t\t\t\t\t\t\t<span class=\"elementor-icon-list-text elementor-post-info__item elementor-post-info__item--type-date\">\n\t\t\t\t\t\t\t\t\t\t<time>abril 9, 2026<\/time>\t\t\t\t\t<\/span>\n\t\t\t\t\t\t\t\t\t<\/a>\n\t\t\t\t<\/li>\n\t\t\t\t<li class=\"elementor-icon-list-item elementor-repeater-item-0eee1e9 elementor-inline-item\">\n\t\t\t\t\t\t\t\t\t\t<span class=\"elementor-icon-list-icon\">\n\t\t\t\t\t\t\t\t<svg aria-hidden=\"true\" class=\"e-font-icon-svg e-far-clock\" viewBox=\"0 0 512 512\" xmlns=\"http:\/\/www.w3.org\/2000\/svg\"><path d=\"M256 8C119 8 8 119 8 256s111 248 248 248 248-111 248-248S393 8 256 8zm0 448c-110.5 0-200-89.5-200-200S145.5 56 256 56s200 89.5 200 200-89.5 200-200 200zm61.8-104.4l-84.9-61.7c-3.1-2.3-4.9-5.9-4.9-9.7V116c0-6.6 5.4-12 12-12h32c6.6 0 12 5.4 12 12v141.7l66.8 48.6c5.4 3.9 6.5 11.4 2.6 16.8L334.6 349c-3.9 5.3-11.4 6.5-16.8 2.6z\"><\/path><\/svg>\t\t\t\t\t\t\t<\/span>\n\t\t\t\t\t\t\t\t\t<span class=\"elementor-icon-list-text elementor-post-info__item elementor-post-info__item--type-time\">\n\t\t\t\t\t\t\t\t\t\t<time>1:04 pm<\/time>\t\t\t\t\t<\/span>\n\t\t\t\t\t\t\t\t<\/li>\n\t\t\t\t<\/ul>\n\t\t\t\t\t\t<\/div>\n\t\t\t\t<\/div>\n\t\t\t\t<div class=\"elementor-element elementor-element-55dd409 elementor-widget elementor-widget-text-editor\" data-id=\"55dd409\" data-element_type=\"widget\" data-e-type=\"widget\" data-widget_type=\"text-editor.default\">\n\t\t\t\t<div class=\"elementor-widget-container\">\n\t\t\t\t\t\t\t\t\t<p data-start=\"390\" data-end=\"729\">La <strong>p\u00e9rdida auditiva<\/strong> sigue rodeada de ideas equivocadas. Muchas personas creen que solo afecta a los adultos mayores, que no es importante si todav\u00eda se escuchan algunos sonidos o que los aud\u00edfonos resuelven el problema por completo. Estos mitos no solo generan confusi\u00f3n: tambi\u00e9n retrasan la b\u00fasqueda de ayuda y afectan la calidad de vida.<\/p><p data-start=\"731\" data-end=\"981\">Hablar de <strong>p\u00e9rdida auditiva<\/strong> con claridad es importante porque no se trata solo de \u201c<strong>o\u00edr menos<\/strong>\u201d. Tambi\u00e9n puede <strong>influir en la comunicaci\u00f3n, en las relaciones familiares, en la seguridad personal y en la forma en que una persona se conecta con su entorn<\/strong>o.<\/p><p data-start=\"983\" data-end=\"1176\">En este art\u00edculo <strong>desmontamos los mitos<\/strong> m\u00e1s comunes sobre la p\u00e9rdida auditiva, explicamos qu\u00e9 hay de cierto en cada uno y te ayudamos a entender cu\u00e1ndo conviene realizar una evaluaci\u00f3n auditiva.<\/p>\t\t\t\t\t\t\t\t<\/div>\n\t\t\t\t<\/div>\n\t\t\t\t<div class=\"elementor-element elementor-element-2ea5739 elementor-widget elementor-widget-heading\" data-id=\"2ea5739\" data-element_type=\"widget\" data-e-type=\"widget\" data-widget_type=\"heading.default\">\n\t\t\t\t<div class=\"elementor-widget-container\">\n\t\t\t\t\t<h3 class=\"elementor-heading-title elementor-size-default\">\ud83d\udd35 Mito 1: La p\u00e9rdida auditiva solo afecta a los adultos mayores.<\/h3>\t\t\t\t<\/div>\n\t\t\t\t<\/div>\n\t\t\t\t<div class=\"elementor-element elementor-element-180356d elementor-widget elementor-widget-text-editor\" data-id=\"180356d\" data-element_type=\"widget\" data-e-type=\"widget\" data-widget_type=\"text-editor.default\">\n\t\t\t\t<div class=\"elementor-widget-container\">\n\t\t\t\t\t\t\t\t\t<p data-start=\"1242\" data-end=\"1282\">No. Ese es uno de los <strong>mitos m\u00e1s comunes.<\/strong><\/p><p data-start=\"1284\" data-end=\"1599\">Si bien el riesgo de p\u00e9rdida auditiva aumenta con la edad, tambi\u00e9n puede presentarse en personas j\u00f3venes y adultas por diferentes causas. La exposici\u00f3n frecuente a ruidos fuertes, ciertas infecciones, factores gen\u00e9ticos, algunos medicamentos y traumatismos pueden afectar la audici\u00f3n en distintas etapas de la vida.<\/p><p data-start=\"1601\" data-end=\"1937\">Pensar que la p\u00e9rdida auditiva es \u201csolo cosa de mayores\u201d hace que muchas personas minimicen se\u00f1ales tempranas. Por eso, si alguien empieza a tener dificultades para entender conversaciones, sube mucho el volumen de la televisi\u00f3n o evita ciertos entornos por el esfuerzo de escuchar, no deber\u00eda descartar una valoraci\u00f3n solo por su edad.<\/p><p data-start=\"1939\" data-end=\"2031\"><strong data-start=\"1939\" data-end=\"1954\">Idea clave:<\/strong> la p\u00e9rdida auditiva puede aparecer antes de lo que muchas personas imaginan.<\/p>\t\t\t\t\t\t\t\t<\/div>\n\t\t\t\t<\/div>\n\t\t\t\t<div class=\"elementor-element elementor-element-2a7be55 elementor-widget elementor-widget-heading\" data-id=\"2a7be55\" data-element_type=\"widget\" data-e-type=\"widget\" data-widget_type=\"heading.default\">\n\t\t\t\t<div class=\"elementor-widget-container\">\n\t\t\t\t\t<h3 class=\"elementor-heading-title elementor-size-default\">\ud83d\udd35 Mito 2: Si todav\u00eda escucho algunos sonidos, no tengo un problema<\/h3>\t\t\t\t<\/div>\n\t\t\t\t<\/div>\n\t\t\t\t<div class=\"elementor-element elementor-element-68213a5 elementor-widget elementor-widget-text-editor\" data-id=\"68213a5\" data-element_type=\"widget\" data-e-type=\"widget\" data-widget_type=\"text-editor.default\">\n\t\t\t\t<div class=\"elementor-widget-container\">\n\t\t\t\t\t\t\t\t\t<p data-start=\"2122\" data-end=\"2140\">No necesariamente.<\/p><p data-start=\"2142\" data-end=\"2419\">Muchas personas con p\u00e9rdida auditiva dicen frases como: \u201cYo s\u00ed escucho, pero no entiendo bien\u201d o \u201cEscucho cuando me hablan, pero en lugares con ruido me cuesta mucho seguir la conversaci\u00f3n\u201d. Esto ocurre porque escuchar sonidos no siempre significa comprender bien las palabras.<\/p><p data-start=\"2421\" data-end=\"2632\">En muchos casos, la dificultad no est\u00e1 en percibir que alguien habla, sino en distinguir claramente ciertos sonidos del habla, sobre todo en ambientes ruidosos o cuando varias personas conversan al mismo tiempo.<\/p><h4 data-section-id=\"1ps2bf2\" data-start=\"2634\" data-end=\"2655\">Ejemplo cotidiano<\/h4><p data-start=\"2656\" data-end=\"2866\">Una persona puede o\u00edr una voz, pero confundir palabras parecidas o pedir con frecuencia que le repitan una frase. Esto no siempre se debe a distracci\u00f3n; puede ser una se\u00f1al de que su audici\u00f3n necesita revisi\u00f3n.<\/p><p data-start=\"2868\" data-end=\"2929\"><strong data-start=\"2868\" data-end=\"2883\">Idea clave:<\/strong> o\u00edr no es lo mismo que entender con claridad.<\/p>\t\t\t\t\t\t\t\t<\/div>\n\t\t\t\t<\/div>\n\t\t\t\t<div class=\"elementor-element elementor-element-8934de4 elementor-widget elementor-widget-image\" data-id=\"8934de4\" data-element_type=\"widget\" data-e-type=\"widget\" data-widget_type=\"image.default\">\n\t\t\t\t<div class=\"elementor-widget-container\">\n\t\t\t\t\t\t\t\t\t\t\t\t\t\t\t<img fetchpriority=\"high\" decoding=\"async\" width=\"1024\" height=\"576\" src=\"https:\/\/proaudio.ec\/wp-content\/uploads\/2026\/04\/Mujer_frente_aTV_perdida_auditiva-1024x576.webp\" class=\"attachment-large size-large wp-image-4768\" alt=\"\" srcset=\"https:\/\/proaudio.ec\/wp-content\/uploads\/2026\/04\/Mujer_frente_aTV_perdida_auditiva-1024x576.webp 1024w, https:\/\/proaudio.ec\/wp-content\/uploads\/2026\/04\/Mujer_frente_aTV_perdida_auditiva-300x169.webp 300w, https:\/\/proaudio.ec\/wp-content\/uploads\/2026\/04\/Mujer_frente_aTV_perdida_auditiva-768x432.webp 768w, https:\/\/proaudio.ec\/wp-content\/uploads\/2026\/04\/Mujer_frente_aTV_perdida_auditiva.webp 1272w\" sizes=\"(max-width: 1024px) 100vw, 1024px\" \/>\t\t\t\t\t\t\t\t\t\t\t\t\t\t\t<\/div>\n\t\t\t\t<\/div>\n\t\t\t\t<div class=\"elementor-element elementor-element-bbf1e82 elementor-widget elementor-widget-heading\" data-id=\"bbf1e82\" data-element_type=\"widget\" data-e-type=\"widget\" data-widget_type=\"heading.default\">\n\t\t\t\t<div class=\"elementor-widget-container\">\n\t\t\t\t\t<h3 class=\"elementor-heading-title elementor-size-default\">\ud83d\udd35 Mito 3: La p\u00e9rdida auditiva leve no es importante\n<\/h3>\t\t\t\t<\/div>\n\t\t\t\t<\/div>\n\t\t\t\t<div class=\"elementor-element elementor-element-4c8c160 elementor-widget elementor-widget-text-editor\" data-id=\"4c8c160\" data-element_type=\"widget\" data-e-type=\"widget\" data-widget_type=\"text-editor.default\">\n\t\t\t\t<div class=\"elementor-widget-container\">\n\t\t\t\t\t\t\t\t\t<p data-start=\"2983\" data-end=\"3039\">S\u00ed es importante, aunque muchas veces no se perciba as\u00ed.<\/p><p data-start=\"3041\" data-end=\"3363\">Uno de los errores m\u00e1s frecuentes es pensar que una p\u00e9rdida auditiva leve no merece atenci\u00f3n. Sin embargo, incluso una disminuci\u00f3n peque\u00f1a en la audici\u00f3n puede afectar la comunicaci\u00f3n diaria, generar cansancio mental, provocar frustraci\u00f3n y hacer que la persona se a\u00edsle poco a poco de conversaciones o reuniones sociales.<\/p><p data-start=\"3365\" data-end=\"3688\">La p\u00e9rdida auditiva leve suele pasar desapercibida porque avanza de forma gradual. La persona se adapta: pide que le repitan, se acerca m\u00e1s al interlocutor, sube el volumen de sus dispositivos o simplemente evita ciertos espacios. El problema es que esta adaptaci\u00f3n puede ocultar la necesidad de una evaluaci\u00f3n profesional.<\/p><h4 data-section-id=\"1kyu8bl\" data-start=\"3690\" data-end=\"3712\">Comparativa simple<\/h4><p data-start=\"3713\" data-end=\"3926\"><strong data-start=\"3713\" data-end=\"3748\">P\u00e9rdida auditiva leve atendida:<\/strong> mejor comprensi\u00f3n, acompa\u00f1amiento temprano, mayor bienestar.<br data-start=\"3809\" data-end=\"3812\" \/><strong data-start=\"3812\" data-end=\"3847\">P\u00e9rdida auditiva leve ignorada:<\/strong> m\u00e1s esfuerzo para entender, m\u00e1s confusiones, m\u00e1s riesgo de desconexi\u00f3n social.<\/p><p data-start=\"3928\" data-end=\"3990\"><strong data-start=\"3928\" data-end=\"3943\">Idea clave:<\/strong> que sea leve no significa que sea irrelevante.<\/p>\t\t\t\t\t\t\t\t<\/div>\n\t\t\t\t<\/div>\n\t\t\t\t<div class=\"elementor-element elementor-element-b60f44d elementor-widget elementor-widget-heading\" data-id=\"b60f44d\" data-element_type=\"widget\" data-e-type=\"widget\" data-widget_type=\"heading.default\">\n\t\t\t\t<div class=\"elementor-widget-container\">\n\t\t\t\t\t<h3 class=\"elementor-heading-title elementor-size-default\">\ud83d\udd35 Mito 4: Los aud\u00edfonos curan la p\u00e9rdida auditiva\n<\/h3>\t\t\t\t<\/div>\n\t\t\t\t<\/div>\n\t\t\t\t<div class=\"elementor-element elementor-element-34b4114 elementor-widget elementor-widget-text-editor\" data-id=\"34b4114\" data-element_type=\"widget\" data-e-type=\"widget\" data-widget_type=\"text-editor.default\">\n\t\t\t\t<div class=\"elementor-widget-container\">\n\t\t\t\t\t\t\t\t\t<p data-start=\"4042\" data-end=\"4114\">No. Los aud\u00edfonos ayudan, pero no curan la causa de la p\u00e9rdida auditiva.<\/p><p data-start=\"4116\" data-end=\"4429\">Este mito es muy com\u00fan porque muchas personas comparan los aud\u00edfonos con los lentes. Pero la audici\u00f3n no funciona igual que la visi\u00f3n. Un aud\u00edfono no \u201cdevuelve\u201d la audici\u00f3n exactamente como era antes; lo que hace es amplificar y procesar sonidos para mejorar la comprensi\u00f3n, seg\u00fan las necesidades de cada persona.<\/p><p data-start=\"4431\" data-end=\"4690\">Adem\u00e1s, usar aud\u00edfonos implica un proceso de adaptaci\u00f3n. El cerebro necesita tiempo para acostumbrarse a escuchar sonidos que antes no percib\u00eda o percib\u00eda mal. Por eso, el acompa\u00f1amiento profesional, los ajustes correctos y el seguimiento son tan importantes.<\/p><h4 data-section-id=\"ttjuz1\" data-start=\"4692\" data-end=\"4737\">Entonces, \u00bfpara qu\u00e9 sirven los aud\u00edfonos?<\/h4><p data-start=\"4738\" data-end=\"4899\">Sirven para mejorar la experiencia de escucha, facilitar la comunicaci\u00f3n y ayudar a que la persona recupere conexi\u00f3n con su entorno, su familia y su vida diaria.<\/p><p data-start=\"4901\" data-end=\"5024\"><strong data-start=\"4901\" data-end=\"4916\">Idea clave:<\/strong> los aud\u00edfonos no son una cura m\u00e1gica, pero s\u00ed pueden ser una gran soluci\u00f3n para mejorar la calidad de vida.<\/p>\t\t\t\t\t\t\t\t<\/div>\n\t\t\t\t<\/div>\n\t\t\t\t<div class=\"elementor-element elementor-element-8ed60ba elementor-widget elementor-widget-heading\" data-id=\"8ed60ba\" data-element_type=\"widget\" data-e-type=\"widget\" data-widget_type=\"heading.default\">\n\t\t\t\t<div class=\"elementor-widget-container\">\n\t\t\t\t\t<h3 class=\"elementor-heading-title elementor-size-default\">\ud83d\udd35 Mito 5: La p\u00e9rdida auditiva solo afecta el o\u00eddo.<\/h3>\t\t\t\t<\/div>\n\t\t\t\t<\/div>\n\t\t\t\t<div class=\"elementor-element elementor-element-7e6b01b elementor-widget elementor-widget-text-editor\" data-id=\"7e6b01b\" data-element_type=\"widget\" data-e-type=\"widget\" data-widget_type=\"text-editor.default\">\n\t\t\t\t<div class=\"elementor-widget-container\">\n\t\t\t\t\t\t\t\t\t<p data-start=\"5076\" data-end=\"5155\">No. Tambi\u00e9n puede afectar la vida emocional, social y funcional de una persona.<\/p><p data-start=\"5157\" data-end=\"5410\">Cuando alguien escucha menos, no solo tiene un problema en el o\u00eddo. Tambi\u00e9n puede empezar a sentirse inseguro al conversar, cansado despu\u00e9s de reuniones, frustrado por no entender bien, o incluso inc\u00f3modo en espacios sociales donde antes se sent\u00eda bien.<\/p><p data-start=\"5412\" data-end=\"5661\">Con el tiempo, esto puede hacer que evite conversaciones, reuniones familiares, llamadas o actividades cotidianas. Por eso, la p\u00e9rdida auditiva no tratada puede afectar la conexi\u00f3n con los dem\u00e1s y debilitar la participaci\u00f3n activa en la vida diaria.<\/p><h4 data-section-id=\"1cnt94d\" data-start=\"5663\" data-end=\"5703\">Se\u00f1ales de impacto m\u00e1s all\u00e1 del o\u00eddo<\/h4><ul data-start=\"5704\" data-end=\"5938\"><li data-section-id=\"xijeko\" data-start=\"5704\" data-end=\"5750\">Evitar reuniones o lugares con mucho ruido<\/li><li data-section-id=\"1rlr7mb\" data-start=\"5751\" data-end=\"5786\">Sentir frustraci\u00f3n al conversar<\/li><li data-section-id=\"1hw8ymk\" data-start=\"5787\" data-end=\"5848\">Responder de forma equivocada por no haber entendido bien<\/li><li data-section-id=\"1m7mrgp\" data-start=\"5849\" data-end=\"5890\">Cansarse m\u00e1s de lo normal al escuchar<\/li><li data-section-id=\"hf37y5\" data-start=\"5891\" data-end=\"5938\">Aislarse poco a poco de la interacci\u00f3n social<\/li><\/ul><p data-start=\"5940\" data-end=\"6051\"><strong data-start=\"5940\" data-end=\"5955\">Idea clave:<\/strong> la p\u00e9rdida auditiva tambi\u00e9n afecta la forma en que una persona vive, se relaciona y se conecta.<\/p>\t\t\t\t\t\t\t\t<\/div>\n\t\t\t\t<\/div>\n\t\t\t\t<div class=\"elementor-element elementor-element-165f88a elementor-widget elementor-widget-image\" data-id=\"165f88a\" data-element_type=\"widget\" data-e-type=\"widget\" data-widget_type=\"image.default\">\n\t\t\t\t<div class=\"elementor-widget-container\">\n\t\t\t\t\t\t\t\t\t\t\t\t\t\t\t<img decoding=\"async\" width=\"1024\" height=\"571\" src=\"https:\/\/proaudio.ec\/wp-content\/uploads\/2026\/04\/Mujer_preocupada_perdida_auditiva-1024x571.png\" class=\"attachment-large size-large wp-image-4783\" alt=\"\" srcset=\"https:\/\/proaudio.ec\/wp-content\/uploads\/2026\/04\/Mujer_preocupada_perdida_auditiva-1024x571.png 1024w, https:\/\/proaudio.ec\/wp-content\/uploads\/2026\/04\/Mujer_preocupada_perdida_auditiva-300x167.png 300w, https:\/\/proaudio.ec\/wp-content\/uploads\/2026\/04\/Mujer_preocupada_perdida_auditiva-768x428.png 768w, https:\/\/proaudio.ec\/wp-content\/uploads\/2026\/04\/Mujer_preocupada_perdida_auditiva.png 1300w\" sizes=\"(max-width: 1024px) 100vw, 1024px\" \/>\t\t\t\t\t\t\t\t\t\t\t\t\t\t\t<\/div>\n\t\t\t\t<\/div>\n\t\t\t\t<div class=\"elementor-element elementor-element-72c93e7 elementor-widget elementor-widget-heading\" data-id=\"72c93e7\" data-element_type=\"widget\" data-e-type=\"widget\" data-widget_type=\"heading.default\">\n\t\t\t\t<div class=\"elementor-widget-container\">\n\t\t\t\t\t<h3 class=\"elementor-heading-title elementor-size-default\">\ud83d\udd35 Mito 6: Perder audici\u00f3n con la edad es normal y no hay que hacer nada<\/h3>\t\t\t\t<\/div>\n\t\t\t\t<\/div>\n\t\t\t\t<div class=\"elementor-element elementor-element-f6cd09c elementor-widget elementor-widget-text-editor\" data-id=\"f6cd09c\" data-element_type=\"widget\" data-e-type=\"widget\" data-widget_type=\"text-editor.default\">\n\t\t\t\t<div class=\"elementor-widget-container\">\n\t\t\t\t\t\t\t\t\t<p data-start=\"6117\" data-end=\"6120\">No.<\/p><p data-start=\"6122\" data-end=\"6342\">Es cierto que el envejecimiento puede influir en la audici\u00f3n, pero eso no significa que deba ignorarse. Muchas condiciones son frecuentes con la edad y, aun as\u00ed, merecen atenci\u00f3n. La audici\u00f3n no deber\u00eda ser la excepci\u00f3n.<\/p><p data-start=\"6344\" data-end=\"6561\">Normalizar la p\u00e9rdida auditiva sin buscar orientaci\u00f3n puede retrasar soluciones que ayuden a la persona a vivir mejor. Escuchar bien no es un lujo: es parte fundamental de la comunicaci\u00f3n, la autonom\u00eda y el bienestar.<\/p><h4 data-section-id=\"1qo8m5y\" data-start=\"6563\" data-end=\"6586\">Una idea importante<\/h4><p data-start=\"6587\" data-end=\"6648\">Que algo sea com\u00fan no significa que deba dejarse sin atender.<\/p><p data-start=\"6650\" data-end=\"6723\"><strong data-start=\"6650\" data-end=\"6665\">Idea clave:<\/strong> si la audici\u00f3n cambia, conviene evaluarla, no resignarse.<\/p>\t\t\t\t\t\t\t\t<\/div>\n\t\t\t\t<\/div>\n\t\t\t\t<div class=\"elementor-element elementor-element-991dcde elementor-widget elementor-widget-heading\" data-id=\"991dcde\" data-element_type=\"widget\" data-e-type=\"widget\" data-widget_type=\"heading.default\">\n\t\t\t\t<div class=\"elementor-widget-container\">\n\t\t\t\t\t<h3 class=\"elementor-heading-title elementor-size-default\">\ud83d\udd35 Mito 7: Si no duele, no es grave<\/h3>\t\t\t\t<\/div>\n\t\t\t\t<\/div>\n\t\t\t\t<div class=\"elementor-element elementor-element-d7b68f8 elementor-widget elementor-widget-text-editor\" data-id=\"d7b68f8\" data-element_type=\"widget\" data-e-type=\"widget\" data-widget_type=\"text-editor.default\">\n\t\t\t\t<div class=\"elementor-widget-container\">\n\t\t\t\t\t\t\t\t\t<p data-start=\"6793\" data-end=\"6796\">No.<\/p><p data-start=\"6798\" data-end=\"7058\">La p\u00e9rdida auditiva muchas veces avanza sin dolor. Ese es precisamente uno de los motivos por los que puede pasar desapercibida. Como no siempre hay molestias f\u00edsicas evidentes, algunas personas retrasan la consulta y piensan que \u201cno debe ser nada importante\u201d.<\/p><p data-start=\"7060\" data-end=\"7337\">Pero el hecho de que no duela no significa que no est\u00e9 afectando la calidad de vida. De hecho, uno de los mayores riesgos de la p\u00e9rdida auditiva es que puede instalarse de forma silenciosa, haciendo que la persona se acostumbre a escuchar peor sin darse cuenta del cambio real.<\/p><p data-start=\"7339\" data-end=\"7412\"><strong data-start=\"7339\" data-end=\"7354\">Idea clave:<\/strong> la ausencia de dolor no elimina la necesidad de atenci\u00f3n.<\/p>\t\t\t\t\t\t\t\t<\/div>\n\t\t\t\t<\/div>\n\t\t\t\t<div class=\"elementor-element elementor-element-2fc398e elementor-widget elementor-widget-heading\" data-id=\"2fc398e\" data-element_type=\"widget\" data-e-type=\"widget\" data-widget_type=\"heading.default\">\n\t\t\t\t<div class=\"elementor-widget-container\">\n\t\t\t\t\t<h3 class=\"elementor-heading-title elementor-size-default\">\u00bfCu\u00e1ndo conviene hacerse una evaluaci\u00f3n auditiva?<\/h3>\t\t\t\t<\/div>\n\t\t\t\t<\/div>\n\t\t\t\t<div class=\"elementor-element elementor-element-c7f974e elementor-widget elementor-widget-text-editor\" data-id=\"c7f974e\" data-element_type=\"widget\" data-e-type=\"widget\" data-widget_type=\"text-editor.default\">\n\t\t\t\t<div class=\"elementor-widget-container\">\n\t\t\t\t\t\t\t\t\t<p data-start=\"8315\" data-end=\"8419\">Conviene considerar una evaluaci\u00f3n auditiva si t\u00fa o un familiar presentan una o varias de estas se\u00f1ales:<\/p><ul data-start=\"8421\" data-end=\"8828\"><li data-section-id=\"1vrz6ca\" data-start=\"8421\" data-end=\"8478\">Suben mucho el volumen de la televisi\u00f3n o del celular<\/li><li data-section-id=\"mpoj8m\" data-start=\"8479\" data-end=\"8529\">Piden que les repitan las cosas con frecuencia<\/li><li data-section-id=\"1cyna1n\" data-start=\"8530\" data-end=\"8579\">Escuchan, pero no entienden bien las palabras<\/li><li data-section-id=\"7jabp6\" data-start=\"8580\" data-end=\"8649\">Tienen dificultad para seguir conversaciones en lugares con ruido<\/li><li data-section-id=\"tobz7w\" data-start=\"8650\" data-end=\"8707\">Evitan reuniones sociales por el esfuerzo de escuchar<\/li><li data-section-id=\"wv1sqx\" data-start=\"8708\" data-end=\"8771\">Sienten que cada vez entienden menos al hablar por tel\u00e9fono<\/li><li data-section-id=\"40xuvk\" data-start=\"8772\" data-end=\"8828\">Oyen zumbidos o molestias relacionadas con su audici\u00f3n<\/li><\/ul><p data-start=\"8830\" data-end=\"9007\">Una evaluaci\u00f3n a tiempo puede marcar una gran diferencia. No solo ayuda a entender qu\u00e9 est\u00e1 pasando, sino tambi\u00e9n a encontrar opciones adecuadas para mejorar la calidad de vida.<\/p>\t\t\t\t\t\t\t\t<\/div>\n\t\t\t\t<\/div>\n\t\t\t\t<div class=\"elementor-element elementor-element-29fe9d8 elementor-widget elementor-widget-image\" data-id=\"29fe9d8\" data-element_type=\"widget\" data-e-type=\"widget\" data-widget_type=\"image.default\">\n\t\t\t\t<div class=\"elementor-widget-container\">\n\t\t\t\t\t\t\t\t\t\t\t\t\t\t\t<img decoding=\"async\" width=\"1024\" height=\"585\" src=\"https:\/\/proaudio.ec\/wp-content\/uploads\/2026\/04\/Pareja_disfrutando_sin_perdida_auditiva-1024x585.webp\" class=\"attachment-large size-large wp-image-4779\" alt=\"\" srcset=\"https:\/\/proaudio.ec\/wp-content\/uploads\/2026\/04\/Pareja_disfrutando_sin_perdida_auditiva-1024x585.webp 1024w, https:\/\/proaudio.ec\/wp-content\/uploads\/2026\/04\/Pareja_disfrutando_sin_perdida_auditiva-300x171.webp 300w, https:\/\/proaudio.ec\/wp-content\/uploads\/2026\/04\/Pareja_disfrutando_sin_perdida_auditiva-768x439.webp 768w, https:\/\/proaudio.ec\/wp-content\/uploads\/2026\/04\/Pareja_disfrutando_sin_perdida_auditiva.webp 1400w\" sizes=\"(max-width: 1024px) 100vw, 1024px\" \/>\t\t\t\t\t\t\t\t\t\t\t\t\t\t\t<\/div>\n\t\t\t\t<\/div>\n\t\t\t\t<div class=\"elementor-element elementor-element-58e3b85 elementor-widget elementor-widget-heading\" data-id=\"58e3b85\" data-element_type=\"widget\" data-e-type=\"widget\" data-widget_type=\"heading.default\">\n\t\t\t\t<div class=\"elementor-widget-container\">\n\t\t\t\t\t<h3 class=\"elementor-heading-title elementor-size-default\">Conclusi\u00f3n<\/h3>\t\t\t\t<\/div>\n\t\t\t\t<\/div>\n\t\t\t\t<div class=\"elementor-element elementor-element-b2b5fd4 elementor-widget elementor-widget-text-editor\" data-id=\"b2b5fd4\" data-element_type=\"widget\" data-e-type=\"widget\" data-widget_type=\"text-editor.default\">\n\t\t\t\t<div class=\"elementor-widget-container\">\n\t\t\t\t\t\t\t\t\t<p data-start=\"9028\" data-end=\"9317\">La <strong>p\u00e9rdida auditiva<\/strong> est\u00e1 rodeada de mitos que pueden hacer que muchas personas retrasen una decisi\u00f3n importante: buscar ayuda. Creer que solo afecta a los adultos mayores, que no importa si es leve o que los aud\u00edfonos solucionan todo puede llevar a ignorar se\u00f1ales que s\u00ed merecen atenci\u00f3n.<\/p><p data-start=\"9319\" data-end=\"9613\">La <strong>buena noticia<\/strong> es que hoy existe m\u00e1s informaci\u00f3n, m\u00e1s conciencia y m\u00e1s opciones para acompa\u00f1ar este proceso. Entender la realidad detr\u00e1s de los mitos es el primer paso para actuar a tiempo y cuidar algo esencial: la conexi\u00f3n con la vida cotidiana, con la familia y con el mundo que nos rodea.<\/p>\t\t\t\t\t\t\t\t<\/div>\n\t\t\t\t<\/div>\n\t\t\t\t<\/div>\n\t\t<div class=\"elementor-element elementor-element-1c1ac45 e-con-full e-flex e-con e-child\" data-id=\"1c1ac45\" data-element_type=\"container\" data-e-type=\"container\">\n\t\t\t\t<\/div>\n\t\t\t\t\t<\/div>\n\t\t\t\t<\/div>\n\t\t<div class=\"elementor-element elementor-element-e92a2ff e-flex e-con-boxed elementor-invisible e-con e-parent\" data-id=\"e92a2ff\" data-element_type=\"container\" data-e-type=\"container\" data-settings=\"{&quot;animation&quot;:&quot;slideInUp&quot;}\">\n\t\t\t\t\t<div class=\"e-con-inner\">\n\t\t\t\t<div class=\"elementor-element elementor-element-a568510 elementor-widget elementor-widget-heading\" data-id=\"a568510\" data-element_type=\"widget\" data-e-type=\"widget\" data-widget_type=\"heading.default\">\n\t\t\t\t<div class=\"elementor-widget-container\">\n\t\t\t\t\t<h2 class=\"elementor-heading-title elementor-size-default\">M\u00e1s de <b>178.000 personas<\/b>  ya recuperaron su audici\u00f3n con nosotros, \npor lo tanto, descubra la soluci\u00f3n para usted con una <b>evaluaci\u00f3n 100% gratuita.<\/h2>\t\t\t\t<\/div>\n\t\t\t\t<\/div>\n\t\t\t\t<div class=\"elementor-element elementor-element-04ca9c1 elementor-cta--skin-classic elementor-animated-content elementor-bg-transform elementor-bg-transform-zoom-in elementor-widget elementor-widget-call-to-action\" data-id=\"04ca9c1\" data-element_type=\"widget\" data-e-type=\"widget\" data-widget_type=\"call-to-action.default\">\n\t\t\t\t<div class=\"elementor-widget-container\">\n\t\t\t\t\t\t\t<div class=\"elementor-cta\">\n\t\t\t\t\t\t\t<div class=\"elementor-cta__content\">\n\t\t\t\t\n\t\t\t\t\n\t\t\t\t\n\t\t\t\t\t\t\t\t\t<div class=\"elementor-cta__button-wrapper elementor-cta__content-item elementor-content-item \">\n\t\t\t\t\t<a class=\"elementor-cta__button elementor-button elementor-size-\" href=\"https:\/\/wa.me\/593964033033?text=Hola+vi+la+nota+de+p\u00e9rdida+auditiva+en+la+web+de+PROAUDIO+y+quiero+agendar+una+cita+para+una+evaluaci%C3%B3n+auditiva&#038;utm_medium=web&#038;utm_source=landing&#038;utm_campaign=JA_ABR&#038;utm_term=whastapp\">\n\t\t\t\t\t\tQuiero agendar mi evaluaci\u00f3n gratuita \u2192\t\t\t\t\t<\/a>\n\t\t\t\t\t<\/div>\n\t\t\t\t\t\t\t<\/div>\n\t\t\t\t\t\t<\/div>\n\t\t\t\t\t\t<\/div>\n\t\t\t\t<\/div>\n\t\t\t\t\t<\/div>\n\t\t\t\t<\/div>\n\t\t\t\t<\/div>\n\t\t","protected":false},"excerpt":{"rendered":"<p>La p\u00e9rdida auditiva sigue rodeada de ideas equivocadas. Muchas personas creen que solo afecta a los adultos mayores, que no [&hellip;]<\/p>\n","protected":false},"author":7,"featured_media":0,"comment_status":"open","ping_status":"open","sticky":false,"template":"elementor_header_footer","format":"standard","meta":{"_uf_show_specific_survey":0,"_uf_disable_surveys":false,"site-sidebar-layout":"default","site-content-layout":"","ast-site-content-layout":"default","site-content-style":"default","site-sidebar-style":"default","ast-global-header-display":"","ast-banner-title-visibility":"","ast-main-header-display":"","ast-hfb-above-header-display":"","ast-hfb-below-header-display":"","ast-hfb-mobile-header-display":"","site-post-title":"","ast-breadcrumbs-content":"","ast-featured-img":"","footer-sml-layout":"","ast-disable-related-posts":"","theme-transparent-header-meta":"","adv-header-id-meta":"","stick-header-meta":"","header-above-stick-meta":"","header-main-stick-meta":"","header-below-stick-meta":"","astra-migrate-meta-layouts":"default","ast-page-background-enabled":"default","ast-page-background-meta":{"desktop":{"background-color":"var(--ast-global-color-4)","background-image":"","background-repeat":"repeat","background-position":"center center","background-size":"auto","background-attachment":"scroll","background-type":"","background-media":"","overlay-type":"","overlay-color":"","overlay-opacity":"","overlay-gradient":""},"tablet":{"background-color":"","background-image":"","background-repeat":"repeat","background-position":"center center","background-size":"auto","background-attachment":"scroll","background-type":"","background-media":"","overlay-type":"","overlay-color":"","overlay-opacity":"","overlay-gradient":""},"mobile":{"background-color":"","background-image":"","background-repeat":"repeat","background-position":"center center","background-size":"auto","background-attachment":"scroll","background-type":"","background-media":"","overlay-type":"","overlay-color":"","overlay-opacity":"","overlay-gradient":""}},"ast-content-background-meta":{"desktop":{"background-color":"var(--ast-global-color-5)","background-image":"","background-repeat":"repeat","background-position":"center center","background-size":"auto","background-attachment":"scroll","background-type":"","background-media":"","overlay-type":"","overlay-color":"","overlay-opacity":"","overlay-gradient":""},"tablet":{"background-color":"var(--ast-global-color-5)","background-image":"","background-repeat":"repeat","background-position":"center center","background-size":"auto","background-attachment":"scroll","background-type":"","background-media":"","overlay-type":"","overlay-color":"","overlay-opacity":"","overlay-gradient":""},"mobile":{"background-color":"var(--ast-global-color-5)","background-image":"","background-repeat":"repeat","background-position":"center center","background-size":"auto","background-attachment":"scroll","background-type":"","background-media":"","overlay-type":"","overlay-color":"","overlay-opacity":"","overlay-gradient":""}},"footnotes":""},"categories":[15],"tags":[],"class_list":["post-4740","post","type-post","status-publish","format-standard","hentry","category-salud-auditiva"],"yoast_head":"<!-- This site is optimized with the Yoast SEO Premium plugin v26.0 (Yoast SEO v27.5) - https:\/\/yoast.com\/product\/yoast-seo-premium-wordpress\/ -->\n<title>P\u00e9rdida auditiva y sus mitos: 7 creencias falsas que debes conocer - Proaudio<\/title>\n<meta name=\"description\" content=\"Descubre 7 mitos sobre la p\u00e9rdida auditiva, qu\u00e9 hay de cierto en cada uno y cu\u00e1ndo conviene hacerse una evaluaci\u00f3n auditiva.\" \/>\n<meta name=\"robots\" content=\"index, follow, max-snippet:-1, max-image-preview:large, max-video-preview:-1\" \/>\n<link rel=\"canonical\" href=\"https:\/\/proaudio.ec\/index.php\/2026\/04\/09\/perdida-auditiva-y-sus-mitos\/\" \/>\n<meta property=\"og:locale\" content=\"es_ES\" \/>\n<meta property=\"og:type\" content=\"article\" \/>\n<meta property=\"og:title\" content=\"P\u00e9rdida auditiva y sus mitos: 7 creencias falsas que debes conocer\" \/>\n<meta property=\"og:description\" content=\"Descubre 7 mitos sobre la p\u00e9rdida auditiva, qu\u00e9 hay de cierto en cada uno y cu\u00e1ndo conviene hacerse una evaluaci\u00f3n auditiva.\" \/>\n<meta property=\"og:url\" content=\"https:\/\/proaudio.ec\/index.php\/2026\/04\/09\/perdida-auditiva-y-sus-mitos\/\" \/>\n<meta property=\"og:site_name\" content=\"Proaudio\" \/>\n<meta property=\"article:publisher\" content=\"https:\/\/www.facebook.com\/proaudioecuador\" \/>\n<meta property=\"article:published_time\" content=\"2026-04-09T18:04:52+00:00\" \/>\n<meta property=\"article:modified_time\" content=\"2026-04-28T15:01:37+00:00\" \/>\n<meta property=\"og:image\" content=\"https:\/\/proaudio.ec\/wp-content\/uploads\/2026\/04\/Foto_portada_perdida_auditiva.webp\" \/>\n\t<meta property=\"og:image:width\" content=\"1600\" \/>\n\t<meta property=\"og:image:height\" content=\"1005\" \/>\n\t<meta property=\"og:image:type\" content=\"image\/webp\" \/>\n<meta name=\"author\" content=\"Alejandro Ponce\" \/>\n<meta name=\"twitter:card\" content=\"summary_large_image\" \/>\n<meta name=\"twitter:label1\" content=\"Escrito por\" \/>\n\t<meta name=\"twitter:data1\" content=\"Alejandro Ponce\" \/>\n\t<meta name=\"twitter:label2\" content=\"Tiempo de lectura\" \/>\n\t<meta name=\"twitter:data2\" content=\"7 minutos\" \/>\n<script type=\"application\/ld+json\" class=\"yoast-schema-graph\">{\"@context\":\"https:\\\/\\\/schema.org\",\"@graph\":[{\"@type\":\"Article\",\"@id\":\"https:\\\/\\\/proaudio.ec\\\/index.php\\\/2026\\\/04\\\/09\\\/perdida-auditiva-y-sus-mitos\\\/#article\",\"isPartOf\":{\"@id\":\"https:\\\/\\\/proaudio.ec\\\/index.php\\\/2026\\\/04\\\/09\\\/perdida-auditiva-y-sus-mitos\\\/\"},\"author\":{\"name\":\"Alejandro Ponce\",\"@id\":\"https:\\\/\\\/proaudio.ec\\\/#\\\/schema\\\/person\\\/dcce030d58035b60e65c5db21a1674a8\"},\"headline\":\"P\u00e9rdida auditiva y sus mitos: 7 creencias falsas que debes conocer\",\"datePublished\":\"2026-04-09T18:04:52+00:00\",\"dateModified\":\"2026-04-28T15:01:37+00:00\",\"mainEntityOfPage\":{\"@id\":\"https:\\\/\\\/proaudio.ec\\\/index.php\\\/2026\\\/04\\\/09\\\/perdida-auditiva-y-sus-mitos\\\/\"},\"wordCount\":1496,\"commentCount\":0,\"publisher\":{\"@id\":\"https:\\\/\\\/proaudio.ec\\\/#organization\"},\"image\":{\"@id\":\"https:\\\/\\\/proaudio.ec\\\/index.php\\\/2026\\\/04\\\/09\\\/perdida-auditiva-y-sus-mitos\\\/#primaryimage\"},\"thumbnailUrl\":\"https:\\\/\\\/proaudio.ec\\\/wp-content\\\/uploads\\\/2026\\\/04\\\/Mujer_frente_aTV_perdida_auditiva-1024x576.webp\",\"articleSection\":[\"Salud Auditiva\"],\"inLanguage\":\"es\",\"potentialAction\":[{\"@type\":\"CommentAction\",\"name\":\"Comment\",\"target\":[\"https:\\\/\\\/proaudio.ec\\\/index.php\\\/2026\\\/04\\\/09\\\/perdida-auditiva-y-sus-mitos\\\/#respond\"]}]},{\"@type\":\"WebPage\",\"@id\":\"https:\\\/\\\/proaudio.ec\\\/index.php\\\/2026\\\/04\\\/09\\\/perdida-auditiva-y-sus-mitos\\\/\",\"url\":\"https:\\\/\\\/proaudio.ec\\\/index.php\\\/2026\\\/04\\\/09\\\/perdida-auditiva-y-sus-mitos\\\/\",\"name\":\"P\u00e9rdida auditiva y sus mitos: 7 creencias falsas que debes conocer - Proaudio\",\"isPartOf\":{\"@id\":\"https:\\\/\\\/proaudio.ec\\\/#website\"},\"primaryImageOfPage\":{\"@id\":\"https:\\\/\\\/proaudio.ec\\\/index.php\\\/2026\\\/04\\\/09\\\/perdida-auditiva-y-sus-mitos\\\/#primaryimage\"},\"image\":{\"@id\":\"https:\\\/\\\/proaudio.ec\\\/index.php\\\/2026\\\/04\\\/09\\\/perdida-auditiva-y-sus-mitos\\\/#primaryimage\"},\"thumbnailUrl\":\"https:\\\/\\\/proaudio.ec\\\/wp-content\\\/uploads\\\/2026\\\/04\\\/Mujer_frente_aTV_perdida_auditiva-1024x576.webp\",\"datePublished\":\"2026-04-09T18:04:52+00:00\",\"dateModified\":\"2026-04-28T15:01:37+00:00\",\"description\":\"Descubre 7 mitos sobre la p\u00e9rdida auditiva, qu\u00e9 hay de cierto en cada uno y cu\u00e1ndo conviene hacerse una evaluaci\u00f3n auditiva.\",\"breadcrumb\":{\"@id\":\"https:\\\/\\\/proaudio.ec\\\/index.php\\\/2026\\\/04\\\/09\\\/perdida-auditiva-y-sus-mitos\\\/#breadcrumb\"},\"inLanguage\":\"es\",\"potentialAction\":[{\"@type\":\"ReadAction\",\"target\":[\"https:\\\/\\\/proaudio.ec\\\/index.php\\\/2026\\\/04\\\/09\\\/perdida-auditiva-y-sus-mitos\\\/\"]}]},{\"@type\":\"ImageObject\",\"inLanguage\":\"es\",\"@id\":\"https:\\\/\\\/proaudio.ec\\\/index.php\\\/2026\\\/04\\\/09\\\/perdida-auditiva-y-sus-mitos\\\/#primaryimage\",\"url\":\"https:\\\/\\\/proaudio.ec\\\/wp-content\\\/uploads\\\/2026\\\/04\\\/Mujer_frente_aTV_perdida_auditiva.webp\",\"contentUrl\":\"https:\\\/\\\/proaudio.ec\\\/wp-content\\\/uploads\\\/2026\\\/04\\\/Mujer_frente_aTV_perdida_auditiva.webp\",\"width\":1272,\"height\":716},{\"@type\":\"BreadcrumbList\",\"@id\":\"https:\\\/\\\/proaudio.ec\\\/index.php\\\/2026\\\/04\\\/09\\\/perdida-auditiva-y-sus-mitos\\\/#breadcrumb\",\"itemListElement\":[{\"@type\":\"ListItem\",\"position\":1,\"name\":\"Portada\",\"item\":\"https:\\\/\\\/proaudio.ec\\\/\"},{\"@type\":\"ListItem\",\"position\":2,\"name\":\"P\u00e9rdida auditiva y sus mitos: 7 creencias falsas que debes conocer\"}]},{\"@type\":\"WebSite\",\"@id\":\"https:\\\/\\\/proaudio.ec\\\/#website\",\"url\":\"https:\\\/\\\/proaudio.ec\\\/\",\"name\":\"Proaudio\",\"description\":\"Instituto Integral de Audici\u00f3n y Lenguaje\",\"publisher\":{\"@id\":\"https:\\\/\\\/proaudio.ec\\\/#organization\"},\"potentialAction\":[{\"@type\":\"SearchAction\",\"target\":{\"@type\":\"EntryPoint\",\"urlTemplate\":\"https:\\\/\\\/proaudio.ec\\\/?s={search_term_string}\"},\"query-input\":{\"@type\":\"PropertyValueSpecification\",\"valueRequired\":true,\"valueName\":\"search_term_string\"}}],\"inLanguage\":\"es\"},{\"@type\":\"Organization\",\"@id\":\"https:\\\/\\\/proaudio.ec\\\/#organization\",\"name\":\"Proaudio\",\"url\":\"https:\\\/\\\/proaudio.ec\\\/\",\"logo\":{\"@type\":\"ImageObject\",\"inLanguage\":\"es\",\"@id\":\"https:\\\/\\\/proaudio.ec\\\/#\\\/schema\\\/logo\\\/image\\\/\",\"url\":\"https:\\\/\\\/proaudio.ec\\\/wp-content\\\/uploads\\\/2024\\\/01\\\/logo.jpg\",\"contentUrl\":\"https:\\\/\\\/proaudio.ec\\\/wp-content\\\/uploads\\\/2024\\\/01\\\/logo.jpg\",\"width\":343,\"height\":60,\"caption\":\"Proaudio\"},\"image\":{\"@id\":\"https:\\\/\\\/proaudio.ec\\\/#\\\/schema\\\/logo\\\/image\\\/\"},\"sameAs\":[\"https:\\\/\\\/www.facebook.com\\\/proaudioecuador\",\"https:\\\/\\\/www.instagram.com\\\/proaudioecuador\"],\"telephone\":\"0964033033\"},{\"@type\":\"Person\",\"@id\":\"https:\\\/\\\/proaudio.ec\\\/#\\\/schema\\\/person\\\/dcce030d58035b60e65c5db21a1674a8\",\"name\":\"Alejandro Ponce\",\"image\":{\"@type\":\"ImageObject\",\"inLanguage\":\"es\",\"@id\":\"https:\\\/\\\/secure.gravatar.com\\\/avatar\\\/bf2ba120e27c293b699cd3d6d8d96b018e4bdd6fb0fc1d526be844294626a078?s=96&d=mm&r=g\",\"url\":\"https:\\\/\\\/secure.gravatar.com\\\/avatar\\\/bf2ba120e27c293b699cd3d6d8d96b018e4bdd6fb0fc1d526be844294626a078?s=96&d=mm&r=g\",\"contentUrl\":\"https:\\\/\\\/secure.gravatar.com\\\/avatar\\\/bf2ba120e27c293b699cd3d6d8d96b018e4bdd6fb0fc1d526be844294626a078?s=96&d=mm&r=g\",\"caption\":\"Alejandro Ponce\"},\"url\":\"https:\\\/\\\/proaudio.ec\\\/index.php\\\/author\\\/marketing\\\/\"}]}<\/script>\n<!-- \/ Yoast SEO Premium plugin. -->","yoast_head_json":{"title":"P\u00e9rdida auditiva y sus mitos: 7 creencias falsas que debes conocer - Proaudio","description":"Descubre 7 mitos sobre la p\u00e9rdida auditiva, qu\u00e9 hay de cierto en cada uno y cu\u00e1ndo conviene hacerse una evaluaci\u00f3n auditiva.","robots":{"index":"index","follow":"follow","max-snippet":"max-snippet:-1","max-image-preview":"max-image-preview:large","max-video-preview":"max-video-preview:-1"},"canonical":"https:\/\/proaudio.ec\/index.php\/2026\/04\/09\/perdida-auditiva-y-sus-mitos\/","og_locale":"es_ES","og_type":"article","og_title":"P\u00e9rdida auditiva y sus mitos: 7 creencias falsas que debes conocer","og_description":"Descubre 7 mitos sobre la p\u00e9rdida auditiva, qu\u00e9 hay de cierto en cada uno y cu\u00e1ndo conviene hacerse una evaluaci\u00f3n auditiva.","og_url":"https:\/\/proaudio.ec\/index.php\/2026\/04\/09\/perdida-auditiva-y-sus-mitos\/","og_site_name":"Proaudio","article_publisher":"https:\/\/www.facebook.com\/proaudioecuador","article_published_time":"2026-04-09T18:04:52+00:00","article_modified_time":"2026-04-28T15:01:37+00:00","og_image":[{"width":1600,"height":1005,"url":"https:\/\/proaudio.ec\/wp-content\/uploads\/2026\/04\/Foto_portada_perdida_auditiva.webp","type":"image\/webp"}],"author":"Alejandro Ponce","twitter_card":"summary_large_image","twitter_misc":{"Escrito por":"Alejandro Ponce","Tiempo de lectura":"7 minutos"},"schema":{"@context":"https:\/\/schema.org","@graph":[{"@type":"Article","@id":"https:\/\/proaudio.ec\/index.php\/2026\/04\/09\/perdida-auditiva-y-sus-mitos\/#article","isPartOf":{"@id":"https:\/\/proaudio.ec\/index.php\/2026\/04\/09\/perdida-auditiva-y-sus-mitos\/"},"author":{"name":"Alejandro Ponce","@id":"https:\/\/proaudio.ec\/#\/schema\/person\/dcce030d58035b60e65c5db21a1674a8"},"headline":"P\u00e9rdida auditiva y sus mitos: 7 creencias falsas que debes conocer","datePublished":"2026-04-09T18:04:52+00:00","dateModified":"2026-04-28T15:01:37+00:00","mainEntityOfPage":{"@id":"https:\/\/proaudio.ec\/index.php\/2026\/04\/09\/perdida-auditiva-y-sus-mitos\/"},"wordCount":1496,"commentCount":0,"publisher":{"@id":"https:\/\/proaudio.ec\/#organization"},"image":{"@id":"https:\/\/proaudio.ec\/index.php\/2026\/04\/09\/perdida-auditiva-y-sus-mitos\/#primaryimage"},"thumbnailUrl":"https:\/\/proaudio.ec\/wp-content\/uploads\/2026\/04\/Mujer_frente_aTV_perdida_auditiva-1024x576.webp","articleSection":["Salud Auditiva"],"inLanguage":"es","potentialAction":[{"@type":"CommentAction","name":"Comment","target":["https:\/\/proaudio.ec\/index.php\/2026\/04\/09\/perdida-auditiva-y-sus-mitos\/#respond"]}]},{"@type":"WebPage","@id":"https:\/\/proaudio.ec\/index.php\/2026\/04\/09\/perdida-auditiva-y-sus-mitos\/","url":"https:\/\/proaudio.ec\/index.php\/2026\/04\/09\/perdida-auditiva-y-sus-mitos\/","name":"P\u00e9rdida auditiva y sus mitos: 7 creencias falsas que debes conocer - Proaudio","isPartOf":{"@id":"https:\/\/proaudio.ec\/#website"},"primaryImageOfPage":{"@id":"https:\/\/proaudio.ec\/index.php\/2026\/04\/09\/perdida-auditiva-y-sus-mitos\/#primaryimage"},"image":{"@id":"https:\/\/proaudio.ec\/index.php\/2026\/04\/09\/perdida-auditiva-y-sus-mitos\/#primaryimage"},"thumbnailUrl":"https:\/\/proaudio.ec\/wp-content\/uploads\/2026\/04\/Mujer_frente_aTV_perdida_auditiva-1024x576.webp","datePublished":"2026-04-09T18:04:52+00:00","dateModified":"2026-04-28T15:01:37+00:00","description":"Descubre 7 mitos sobre la p\u00e9rdida auditiva, qu\u00e9 hay de cierto en cada uno y cu\u00e1ndo conviene hacerse una evaluaci\u00f3n auditiva.","breadcrumb":{"@id":"https:\/\/proaudio.ec\/index.php\/2026\/04\/09\/perdida-auditiva-y-sus-mitos\/#breadcrumb"},"inLanguage":"es","potentialAction":[{"@type":"ReadAction","target":["https:\/\/proaudio.ec\/index.php\/2026\/04\/09\/perdida-auditiva-y-sus-mitos\/"]}]},{"@type":"ImageObject","inLanguage":"es","@id":"https:\/\/proaudio.ec\/index.php\/2026\/04\/09\/perdida-auditiva-y-sus-mitos\/#primaryimage","url":"https:\/\/proaudio.ec\/wp-content\/uploads\/2026\/04\/Mujer_frente_aTV_perdida_auditiva.webp","contentUrl":"https:\/\/proaudio.ec\/wp-content\/uploads\/2026\/04\/Mujer_frente_aTV_perdida_auditiva.webp","width":1272,"height":716},{"@type":"BreadcrumbList","@id":"https:\/\/proaudio.ec\/index.php\/2026\/04\/09\/perdida-auditiva-y-sus-mitos\/#breadcrumb","itemListElement":[{"@type":"ListItem","position":1,"name":"Portada","item":"https:\/\/proaudio.ec\/"},{"@type":"ListItem","position":2,"name":"P\u00e9rdida auditiva y sus mitos: 7 creencias falsas que debes conocer"}]},{"@type":"WebSite","@id":"https:\/\/proaudio.ec\/#website","url":"https:\/\/proaudio.ec\/","name":"Proaudio","description":"Instituto Integral de Audici\u00f3n y Lenguaje","publisher":{"@id":"https:\/\/proaudio.ec\/#organization"},"potentialAction":[{"@type":"SearchAction","target":{"@type":"EntryPoint","urlTemplate":"https:\/\/proaudio.ec\/?s={search_term_string}"},"query-input":{"@type":"PropertyValueSpecification","valueRequired":true,"valueName":"search_term_string"}}],"inLanguage":"es"},{"@type":"Organization","@id":"https:\/\/proaudio.ec\/#organization","name":"Proaudio","url":"https:\/\/proaudio.ec\/","logo":{"@type":"ImageObject","inLanguage":"es","@id":"https:\/\/proaudio.ec\/#\/schema\/logo\/image\/","url":"https:\/\/proaudio.ec\/wp-content\/uploads\/2024\/01\/logo.jpg","contentUrl":"https:\/\/proaudio.ec\/wp-content\/uploads\/2024\/01\/logo.jpg","width":343,"height":60,"caption":"Proaudio"},"image":{"@id":"https:\/\/proaudio.ec\/#\/schema\/logo\/image\/"},"sameAs":["https:\/\/www.facebook.com\/proaudioecuador","https:\/\/www.instagram.com\/proaudioecuador"],"telephone":"0964033033"},{"@type":"Person","@id":"https:\/\/proaudio.ec\/#\/schema\/person\/dcce030d58035b60e65c5db21a1674a8","name":"Alejandro Ponce","image":{"@type":"ImageObject","inLanguage":"es","@id":"https:\/\/secure.gravatar.com\/avatar\/bf2ba120e27c293b699cd3d6d8d96b018e4bdd6fb0fc1d526be844294626a078?s=96&d=mm&r=g","url":"https:\/\/secure.gravatar.com\/avatar\/bf2ba120e27c293b699cd3d6d8d96b018e4bdd6fb0fc1d526be844294626a078?s=96&d=mm&r=g","contentUrl":"https:\/\/secure.gravatar.com\/avatar\/bf2ba120e27c293b699cd3d6d8d96b018e4bdd6fb0fc1d526be844294626a078?s=96&d=mm&r=g","caption":"Alejandro Ponce"},"url":"https:\/\/proaudio.ec\/index.php\/author\/marketing\/"}]}},"_links":{"self":[{"href":"https:\/\/proaudio.ec\/index.php\/wp-json\/wp\/v2\/posts\/4740","targetHints":{"allow":["GET"]}}],"collection":[{"href":"https:\/\/proaudio.ec\/index.php\/wp-json\/wp\/v2\/posts"}],"about":[{"href":"https:\/\/proaudio.ec\/index.php\/wp-json\/wp\/v2\/types\/post"}],"author":[{"embeddable":true,"href":"https:\/\/proaudio.ec\/index.php\/wp-json\/wp\/v2\/users\/7"}],"replies":[{"embeddable":true,"href":"https:\/\/proaudio.ec\/index.php\/wp-json\/wp\/v2\/comments?post=4740"}],"version-history":[{"count":50,"href":"https:\/\/proaudio.ec\/index.php\/wp-json\/wp\/v2\/posts\/4740\/revisions"}],"predecessor-version":[{"id":4922,"href":"https:\/\/proaudio.ec\/index.php\/wp-json\/wp\/v2\/posts\/4740\/revisions\/4922"}],"wp:attachment":[{"href":"https:\/\/proaudio.ec\/index.php\/wp-json\/wp\/v2\/media?parent=4740"}],"wp:term":[{"taxonomy":"category","embeddable":true,"href":"https:\/\/proaudio.ec\/index.php\/wp-json\/wp\/v2\/categories?post=4740"},{"taxonomy":"post_tag","embeddable":true,"href":"https:\/\/proaudio.ec\/index.php\/wp-json\/wp\/v2\/tags?post=4740"}],"curies":[{"name":"wp","href":"https:\/\/api.w.org\/{rel}","templated":true}]}}